{"id":663,"date":"2020-02-27T14:12:58","date_gmt":"2020-02-27T14:12:58","guid":{"rendered":"https:\/\/oberdorfstrasse.de\/?p=663"},"modified":"2020-03-17T09:31:29","modified_gmt":"2020-03-17T09:31:29","slug":"danke-cdu-fuer-eine-toedlich-verletzte-und-zwei-weitere-schwer-verletzte","status":"publish","type":"post","link":"https:\/\/oberdorfstrasse.de\/index.php\/2020\/02\/27\/danke-cdu-fuer-eine-toedlich-verletzte-und-zwei-weitere-schwer-verletzte\/","title":{"rendered":"Danke, cDU f\u00fcr eine t\u00f6dlich Verletzte und zwei weitere schwer Verletzte!"},"content":{"rendered":"<p><a href=\"https:\/\/www.schwaebische.de\/landkreis\/bodenseekreis\/konstanz_artikel,-t%C3%B6dlicher-unfall-auf-a-98-_arid,11192435.html\" target=\"_blank\" rel=\"noopener noreferrer\">Zitat<\/a>:<\/p>\n<blockquote><p>&#8220;Der 60-j\u00e4hrige Lenker des Mercedes fuhr <strong>offensichtlich mit hoher<\/strong> <strong>Geschwindigkeit<\/strong>. Der VW Polo geriet nach dem Zusammensto\u00df au\u00dfer Kontrolle und \u00fcberschlug sich. Hierbei wurde die 44-j\u00e4hrige Mitfahrerin aus dem VW Polo geschleudert und t\u00f6dlich verletzt. Nach bisherigen Erkenntnissen kam es im Zusammenhang mit einem Fahrstreifenwechsel zur Kollision der beiden beteiligten Kraftfahrzeuge. Der 60-j\u00e4hrige Lenker des Mercedes wurde bei dem Verkehrsunfall nicht verletzt. Bei der Unfallaufnahme stellten Polizeibeamte des Verkehrsdienstes M\u00fchlhausen-Ehingen seine Alkoholisierung fest.&#8221;<\/p><\/blockquote>\n<p>Letztmalig &#8220;erfolgreich&#8221; verhindert\u00a0 wurde von der Regierung auf Antrag der Gr\u00fcnen das <a href=\"https:\/\/oberdorfstrasse.de\/index.php\/2019\/12\/17\/liste-an-reizwoertern#tempolimit\">Tempolimit<\/a> im Oktober letzten Jahres. Die sPD hat dabei gegen den eigenen Parteitagsbeschluss gestimmt (Koalitionsdisziplin!). Tja, was will man <a href=\"https:\/\/www.youtube.com\/watch?v=8vFL0QWxugI\" target=\"_blank\" rel=\"noopener noreferrer\">erwarten<\/a>? Der <a href=\"https:\/\/stockach.ratsinfomanagement.net\/fraktionen\">cDU<\/a>-Politiker Gero Storjohann warnte vor einer &#8220;Total\u00fcberwachung unserer Autobahn&#8221;. Ist uns doch egal, dass die Mehrheit der Deutschen<strong> (<a href=\"https:\/\/www.zeit.de\/mobilitaet\/2019-10\/tempolimit-die-gruenen-bundestag-antrag-abgelehnt-autobahnen\" target=\"_blank\" rel=\"noopener noreferrer\">56,5%<\/a>) <\/strong>sich<strong> f\u00fcr<\/strong> ein Tempolimit aussprechen und <strong>16,8% dagegen<\/strong>.<\/p>\n<p>Ja genau. Dann doch lieber <a href=\"https:\/\/www.spiegel.de\/auto\/tempolimit-adac-lenkt-bei-geschwindigkeitsbegrenzung-ein-a-79893e72-be33-479b-a08d-4cf59e2b4862\">Tote<\/a> und <a href=\"https:\/\/www.youtube.com\/watch?v=SFRVUlbb1gU\">Verletzte<\/a>. Au\u00dferdem: schei\u00df auf&#8217;s <a href=\"https:\/\/www.klimareporter.de\/verkehr\/tempo-100-spart-mehr-als-fuenf-millionen\">Klima<\/a>.<\/p>\n<p>Der Unfall kam ja auch so was von <a href=\"https:\/\/www.suedkurier.de\/region\/kreis-konstanz\/stockach\/Vermehrt-Kontrollen-auf-der-Autobahn-98-Die-Sicherheit-im-Verkehr-soll-erhoeht-werden;art372461,9014551\" target=\"_blank\" rel=\"noopener noreferrer\">\u00fcberraschend<\/a>.\u00a0 Also DAMIT h\u00e4tte doch niemand <a href=\"https:\/\/www.suedkurier.de\/region\/kreis-konstanz\/stockach\/Vermehrt-Kontrollen-auf-der-Autobahn-98-Die-Sicherheit-im-Verkehr-soll-erhoeht-werden;art372461,9014551\" target=\"_blank\" rel=\"noopener noreferrer\">rechnen<\/a> k\u00f6nnen.<\/p>\n<p>Update 17.3.2020: W\u00e4hrend manche deutsche Autofahrer es als Grundrecht anzusehen andere Menschen totzufahren sind andere Gesellschaften nicht nur einen\u00a0 Schritt, sondern zwei Schritte <a href=\"https:\/\/www.tagesschau.de\/ausland\/niederlande-tempo-100-101.html\" target=\"_blank\" rel=\"noopener noreferrer\">weiter<\/a><\/p>\n ","protected":false},"excerpt":{"rendered":"<p>Zitat: &#8220;Der 60-j\u00e4hrige Lenker des Mercedes fuhr offensichtlich mit hoher Geschwindigkeit. Der VW Polo geriet nach dem Zusammensto\u00df au\u00dfer Kontrolle und \u00fcberschlug sich. Hierbei wurde die 44-j\u00e4hrige Mitfahrerin aus dem VW Polo geschleudert und t\u00f6dlich verletzt. Nach bisherigen Erkenntnissen kam es im Zusammenhang mit einem Fahrstreifenwechsel zur Kollision der beiden beteiligten Kraftfahrzeuge. Der 60-j\u00e4hrige Lenker [&hellip;]<\/p>\n","protected":false},"author":1,"featured_media":665,"comment_status":"open","ping_status":"open","sticky":false,"template":"","format":"standard","meta":{"footnotes":""},"categories":[1],"tags":[],"_links":{"self":[{"href":"https:\/\/oberdorfstrasse.de\/index.php\/wp-json\/wp\/v2\/posts\/663"}],"collection":[{"href":"https:\/\/oberdorfstrasse.de\/index.php\/wp-json\/wp\/v2\/posts"}],"about":[{"href":"https:\/\/oberdorfstrasse.de\/index.php\/wp-json\/wp\/v2\/types\/post"}],"author":[{"embeddable":true,"href":"https:\/\/oberdorfstrasse.de\/index.php\/wp-json\/wp\/v2\/users\/1"}],"replies":[{"embeddable":true,"href":"https:\/\/oberdorfstrasse.de\/index.php\/wp-json\/wp\/v2\/comments?post=663"}],"version-history":[{"count":16,"href":"https:\/\/oberdorfstrasse.de\/index.php\/wp-json\/wp\/v2\/posts\/663\/revisions"}],"predecessor-version":[{"id":683,"href":"https:\/\/oberdorfstrasse.de\/index.php\/wp-json\/wp\/v2\/posts\/663\/revisions\/683"}],"wp:featuredmedia":[{"embeddable":true,"href":"https:\/\/oberdorfstrasse.de\/index.php\/wp-json\/wp\/v2\/media\/665"}],"wp:attachment":[{"href":"https:\/\/oberdorfstrasse.de\/index.php\/wp-json\/wp\/v2\/media?parent=663"}],"wp:term":[{"taxonomy":"category","embeddable":true,"href":"https:\/\/oberdorfstrasse.de\/index.php\/wp-json\/wp\/v2\/categories?post=663"},{"taxonomy":"post_tag","embeddable":true,"href":"https:\/\/oberdorfstrasse.de\/index.php\/wp-json\/wp\/v2\/tags?post=663"}],"curies":[{"name":"wp","href":"https:\/\/api.w.org\/{rel}","templated":true}]}}